{"id":10786,"date":"2026-01-24T22:12:33","date_gmt":"2026-01-24T21:12:33","guid":{"rendered":"https:\/\/feuerwehr-markdorf.de\/feuerwehr\/?p=10786"},"modified":"2026-01-24T22:14:46","modified_gmt":"2026-01-24T21:14:46","slug":"marco-weimer-und-patrik-seidel-vom-gemeinderat-bestaetigt","status":"publish","type":"post","link":"https:\/\/feuerwehr-markdorf.de\/feuerwehr\/marco-weimer-und-patrik-seidel-vom-gemeinderat-bestaetigt\/","title":{"rendered":"Marco Weimer und Patrik Seidel vom Gemeinderat best\u00e4tigt"},"content":{"rendered":"\n<p>(20.01.2026) In der Gemeinderatsitzung am 20.01.2026 wurden die bei der Jahreshauptversammlung der Feuerwehr Markdorf am 05.01.2026 gew\u00e4hlten F\u00fchrungskr\u00e4fte offiziell best\u00e4tigt.<\/p>\n\n\n\n<p>Marco Weimer \u00fcbernimmt das Amt des 1. stellvertretenden Gesamtkommandanten.<\/p>\n\n\n\n<p>Patrik Seidel wird als stellvertretender Abteilungskommandant Markdorf-Stadt f\u00fcr eine weitere Amtsperiode best\u00e4tigt.<\/p>\n\n\n\n<p>Beide wurden zun\u00e4chst von den aktiven Kameradinnen und Kameraden gew\u00e4hlt, nun durch den Gemeinderat best\u00e4tigt und vom B\u00fcrgermeister bestellt. B\u00fcrgermeister Georg Riedmann \u00fcberreichte Marco Weimer &amp; Patrik Seidel im Rahmen der Sitzung auch die Ernennungsurkunden. <\/p>\n\n\n\n<p>Wir gratulieren herzlich und w\u00fcnschen f\u00fcr die kommenden Aufgaben viel Erfolg.<\/p>\n\n\n\n<p>Ein besonderer Dank gilt Mathias Brutsch f\u00fcr seine engagierte und zuverl\u00e4ssige Arbeit als 1. stellvertretender Kommandant der Gesamtwehr sowie f\u00fcr sein langj\u00e4hriges Mitwirken und seinen Einsatz f\u00fcr die Feuerwehr Markdorf. <\/p>\n\n\n\n<figure class=\"wp-block-gallery has-nested-images columns-default is-cropped wp-block-gallery-1 is-layout-flex wp-block-gallery-is-layout-flex\">\n<figure class=\"wp-block-image size-large\"><img loading=\"lazy\" decoding=\"async\" width=\"1024\" height=\"707\" data-id=\"10787\" src=\"https:\/\/feuerwehr-markdorf.de\/feuerwehr\/wp-content\/uploads\/sites\/2\/2026\/01\/mdx-22-mar-feuerwehr-ernennung--1024x707.jpg\" alt=\"\" class=\"wp-image-10787\" srcset=\"https:\/\/feuerwehr-markdorf.de\/feuerwehr\/wp-content\/uploads\/sites\/2\/2026\/01\/mdx-22-mar-feuerwehr-ernennung--1024x707.jpg 1024w, https:\/\/feuerwehr-markdorf.de\/feuerwehr\/wp-content\/uploads\/sites\/2\/2026\/01\/mdx-22-mar-feuerwehr-ernennung--300x207.jpg 300w, https:\/\/feuerwehr-markdorf.de\/feuerwehr\/wp-content\/uploads\/sites\/2\/2026\/01\/mdx-22-mar-feuerwehr-ernennung--768x530.jpg 768w, https:\/\/feuerwehr-markdorf.de\/feuerwehr\/wp-content\/uploads\/sites\/2\/2026\/01\/mdx-22-mar-feuerwehr-ernennung--1536x1060.jpg 1536w, https:\/\/feuerwehr-markdorf.de\/feuerwehr\/wp-content\/uploads\/sites\/2\/2026\/01\/mdx-22-mar-feuerwehr-ernennung--2048x1413.jpg 2048w\" sizes=\"auto, (max-width: 1024px) 100vw, 1024px\" \/><\/figure>\n<\/figure>\n\n\n\n<p>Von links: Marco Weimer, Patrik Seidel, B\u00fcrgermeister Georg Riedmann, Mathias Brutsch (Foto: S\u00dcDKURIER \/ J\u00f6rg B\u00fcsche)<\/p>\n","protected":false},"excerpt":{"rendered":"<p>(20.01.2026) In der Gemeinderatsitzung am 20.01.2026 wurden die bei der Jahreshauptversammlung der Feuerwehr Markdorf am 05.01.2026 gew\u00e4hlten F\u00fchrungskr\u00e4fte offiziell best\u00e4tigt. Marco Weimer \u00fcbernimmt das Amt des 1. stellvertretenden Gesamtkommandanten. Patrik Seidel wird als stellvertretender Abteilungskommandant Markdorf-Stadt f\u00fcr eine weitere Amtsperiode best\u00e4tigt. Beide wurden zun\u00e4chst von den aktiven Kameradinnen und Kameraden gew\u00e4hlt, nun durch den Gemeinderat [&hellip;]<\/p>\n","protected":false},"author":6,"featured_media":10787,"comment_status":"open","ping_status":"open","sticky":false,"template":"","format":"standard","meta":{"advgb_blocks_editor_width":"","advgb_blocks_columns_visual_guide":"","ocean_post_layout":"","ocean_both_sidebars_style":"","ocean_both_sidebars_content_width":0,"ocean_both_sidebars_sidebars_width":0,"ocean_sidebar":"","ocean_second_sidebar":"","ocean_disable_margins":"enable","ocean_add_body_class":"","ocean_shortcode_before_top_bar":"","ocean_shortcode_after_top_bar":"","ocean_shortcode_before_header":"","ocean_shortcode_after_header":"","ocean_has_shortcode":"","ocean_shortcode_after_title":"","ocean_shortcode_before_footer_widgets":"","ocean_shortcode_after_footer_widgets":"","ocean_shortcode_before_footer_bottom":"","ocean_shortcode_after_footer_bottom":"","ocean_display_top_bar":"default","ocean_display_header":"default","ocean_header_style":"","ocean_center_header_left_menu":"","ocean_custom_header_template":"","ocean_custom_logo":0,"ocean_custom_retina_logo":0,"ocean_custom_logo_max_width":0,"ocean_custom_logo_tablet_max_width":0,"ocean_custom_logo_mobile_max_width":0,"ocean_custom_logo_max_height":0,"ocean_custom_logo_tablet_max_height":0,"ocean_custom_logo_mobile_max_height":0,"ocean_header_custom_menu":"","ocean_menu_typo_font_family":"","ocean_menu_typo_font_subset":"","ocean_menu_typo_font_size":0,"ocean_menu_typo_font_size_tablet":0,"ocean_menu_typo_font_size_mobile":0,"ocean_menu_typo_font_size_unit":"px","ocean_menu_typo_font_weight":"","ocean_menu_typo_font_weight_tablet":"","ocean_menu_typo_font_weight_mobile":"","ocean_menu_typo_transform":"","ocean_menu_typo_transform_tablet":"","ocean_menu_typo_transform_mobile":"","ocean_menu_typo_line_height":0,"ocean_menu_typo_line_height_tablet":0,"ocean_menu_typo_line_height_mobile":0,"ocean_menu_typo_line_height_unit":"","ocean_menu_typo_spacing":0,"ocean_menu_typo_spacing_tablet":0,"ocean_menu_typo_spacing_mobile":0,"ocean_menu_typo_spacing_unit":"","ocean_menu_link_color":"","ocean_menu_link_color_hover":"","ocean_menu_link_color_active":"","ocean_menu_link_background":"","ocean_menu_link_hover_background":"","ocean_menu_link_active_background":"","ocean_menu_social_links_bg":"","ocean_menu_social_hover_links_bg":"","ocean_menu_social_links_color":"","ocean_menu_social_hover_links_color":"","ocean_disable_title":"default","ocean_disable_heading":"default","ocean_post_title":"","ocean_post_subheading":"","ocean_post_title_style":"","ocean_post_title_background_color":"","ocean_post_title_background":0,"ocean_post_title_bg_image_position":"","ocean_post_title_bg_image_attachment":"","ocean_post_title_bg_image_repeat":"","ocean_post_title_bg_image_size":"","ocean_post_title_height":0,"ocean_post_title_bg_overlay":0.5,"ocean_post_title_bg_overlay_color":"","ocean_disable_breadcrumbs":"default","ocean_breadcrumbs_color":"","ocean_breadcrumbs_separator_color":"","ocean_breadcrumbs_links_color":"","ocean_breadcrumbs_links_hover_color":"","ocean_display_footer_widgets":"default","ocean_display_footer_bottom":"default","ocean_custom_footer_template":"","ocean_post_oembed":"","ocean_post_self_hosted_media":"","ocean_post_video_embed":"","ocean_link_format":"","ocean_link_format_target":"self","ocean_quote_format":"","ocean_quote_format_link":"post","ocean_gallery_link_images":"on","ocean_gallery_id":[],"footnotes":""},"categories":[20],"tags":[],"class_list":["post-10786","post","type-post","status-publish","format-standard","has-post-thumbnail","hentry","category-aktuelles","entry","has-media"],"yoast_head":"<!-- This site is optimized with the Yoast SEO plugin v22.8 - https:\/\/yoast.com\/wordpress\/plugins\/seo\/ -->\n<title>Marco Weimer und Patrik Seidel vom Gemeinderat best\u00e4tigt - Freiwillige Feuerwehr Markdorf<\/title>\n<meta name=\"description\" content=\"(20.01.2026) In der Gemeinderatsitzung am 20.01.2026 wurden die bei der Jahreshauptversammlung der Feuerwehr Markdorf am 05.01.2026 gew\u00e4hlten\" \/>\n<meta name=\"robots\" content=\"index, follow, max-snippet:-1, max-image-preview:large, max-video-preview:-1\" \/>\n<link rel=\"canonical\" href=\"https:\/\/feuerwehr-markdorf.de\/feuerwehr\/marco-weimer-und-patrik-seidel-vom-gemeinderat-bestaetigt\/\" \/>\n<meta property=\"og:locale\" content=\"de_DE\" \/>\n<meta property=\"og:type\" content=\"article\" \/>\n<meta property=\"og:title\" content=\"Marco Weimer und Patrik Seidel vom Gemeinderat best\u00e4tigt - Freiwillige Feuerwehr Markdorf\" \/>\n<meta property=\"og:description\" content=\"(20.01.2026) In der Gemeinderatsitzung am 20.01.2026 wurden die bei der Jahreshauptversammlung der Feuerwehr Markdorf am 05.01.2026 gew\u00e4hlten\" \/>\n<meta property=\"og:url\" content=\"https:\/\/feuerwehr-markdorf.de\/feuerwehr\/marco-weimer-und-patrik-seidel-vom-gemeinderat-bestaetigt\/\" \/>\n<meta property=\"og:site_name\" content=\"Freiwillige Feuerwehr Markdorf\" \/>\n<meta property=\"article:publisher\" content=\"https:\/\/www.facebook.com\/feuerwehrmarkdorf\/\" \/>\n<meta property=\"article:published_time\" content=\"2026-01-24T21:12:33+00:00\" \/>\n<meta property=\"article:modified_time\" content=\"2026-01-24T21:14:46+00:00\" \/>\n<meta property=\"og:image\" content=\"https:\/\/feuerwehr-markdorf.de\/feuerwehr\/wp-content\/uploads\/sites\/2\/2026\/01\/mdx-22-mar-feuerwehr-ernennung-.jpg\" \/>\n\t<meta property=\"og:image:width\" content=\"2110\" \/>\n\t<meta property=\"og:image:height\" content=\"1456\" \/>\n\t<meta property=\"og:image:type\" content=\"image\/jpeg\" \/>\n<meta name=\"author\" content=\"mscheerer\" \/>\n<meta name=\"twitter:card\" content=\"summary_large_image\" \/>\n<meta name=\"twitter:label1\" content=\"Verfasst von\" \/>\n\t<meta name=\"twitter:data1\" content=\"mscheerer\" \/>\n\t<meta name=\"twitter:label2\" content=\"Gesch\u00e4tzte Lesezeit\" \/>\n\t<meta name=\"twitter:data2\" content=\"1\u00a0Minute\" \/>\n<script type=\"application\/ld+json\" class=\"yoast-schema-graph\">{\"@context\":\"https:\/\/schema.org\",\"@graph\":[{\"@type\":\"Article\",\"@id\":\"https:\/\/feuerwehr-markdorf.de\/feuerwehr\/marco-weimer-und-patrik-seidel-vom-gemeinderat-bestaetigt\/#article\",\"isPartOf\":{\"@id\":\"https:\/\/feuerwehr-markdorf.de\/feuerwehr\/marco-weimer-und-patrik-seidel-vom-gemeinderat-bestaetigt\/\"},\"author\":{\"name\":\"mscheerer\",\"@id\":\"https:\/\/feuerwehr-markdorf.de\/feuerwehr\/#\/schema\/person\/332479352d6e81750d9ab7ac3745262c\"},\"headline\":\"Marco Weimer und Patrik Seidel vom Gemeinderat best\u00e4tigt\",\"datePublished\":\"2026-01-24T21:12:33+00:00\",\"dateModified\":\"2026-01-24T21:14:46+00:00\",\"mainEntityOfPage\":{\"@id\":\"https:\/\/feuerwehr-markdorf.de\/feuerwehr\/marco-weimer-und-patrik-seidel-vom-gemeinderat-bestaetigt\/\"},\"wordCount\":158,\"commentCount\":0,\"publisher\":{\"@id\":\"https:\/\/feuerwehr-markdorf.de\/feuerwehr\/#organization\"},\"image\":{\"@id\":\"https:\/\/feuerwehr-markdorf.de\/feuerwehr\/marco-weimer-und-patrik-seidel-vom-gemeinderat-bestaetigt\/#primaryimage\"},\"thumbnailUrl\":\"https:\/\/feuerwehr-markdorf.de\/feuerwehr\/wp-content\/uploads\/sites\/2\/2026\/01\/mdx-22-mar-feuerwehr-ernennung-.jpg\",\"articleSection\":[\"Aktuelles\"],\"inLanguage\":\"de\",\"potentialAction\":[{\"@type\":\"CommentAction\",\"name\":\"Comment\",\"target\":[\"https:\/\/feuerwehr-markdorf.de\/feuerwehr\/marco-weimer-und-patrik-seidel-vom-gemeinderat-bestaetigt\/#respond\"]}]},{\"@type\":\"WebPage\",\"@id\":\"https:\/\/feuerwehr-markdorf.de\/feuerwehr\/marco-weimer-und-patrik-seidel-vom-gemeinderat-bestaetigt\/\",\"url\":\"https:\/\/feuerwehr-markdorf.de\/feuerwehr\/marco-weimer-und-patrik-seidel-vom-gemeinderat-bestaetigt\/\",\"name\":\"Marco Weimer und Patrik Seidel vom Gemeinderat best\u00e4tigt - Freiwillige Feuerwehr Markdorf\",\"isPartOf\":{\"@id\":\"https:\/\/feuerwehr-markdorf.de\/feuerwehr\/#website\"},\"primaryImageOfPage\":{\"@id\":\"https:\/\/feuerwehr-markdorf.de\/feuerwehr\/marco-weimer-und-patrik-seidel-vom-gemeinderat-bestaetigt\/#primaryimage\"},\"image\":{\"@id\":\"https:\/\/feuerwehr-markdorf.de\/feuerwehr\/marco-weimer-und-patrik-seidel-vom-gemeinderat-bestaetigt\/#primaryimage\"},\"thumbnailUrl\":\"https:\/\/feuerwehr-markdorf.de\/feuerwehr\/wp-content\/uploads\/sites\/2\/2026\/01\/mdx-22-mar-feuerwehr-ernennung-.jpg\",\"datePublished\":\"2026-01-24T21:12:33+00:00\",\"dateModified\":\"2026-01-24T21:14:46+00:00\",\"description\":\"(20.01.2026) In der Gemeinderatsitzung am 20.01.2026 wurden die bei der Jahreshauptversammlung der Feuerwehr Markdorf am 05.01.2026 gew\u00e4hlten\",\"breadcrumb\":{\"@id\":\"https:\/\/feuerwehr-markdorf.de\/feuerwehr\/marco-weimer-und-patrik-seidel-vom-gemeinderat-bestaetigt\/#breadcrumb\"},\"inLanguage\":\"de\",\"potentialAction\":[{\"@type\":\"ReadAction\",\"target\":[\"https:\/\/feuerwehr-markdorf.de\/feuerwehr\/marco-weimer-und-patrik-seidel-vom-gemeinderat-bestaetigt\/\"]}]},{\"@type\":\"ImageObject\",\"inLanguage\":\"de\",\"@id\":\"https:\/\/feuerwehr-markdorf.de\/feuerwehr\/marco-weimer-und-patrik-seidel-vom-gemeinderat-bestaetigt\/#primaryimage\",\"url\":\"https:\/\/feuerwehr-markdorf.de\/feuerwehr\/wp-content\/uploads\/sites\/2\/2026\/01\/mdx-22-mar-feuerwehr-ernennung-.jpg\",\"contentUrl\":\"https:\/\/feuerwehr-markdorf.de\/feuerwehr\/wp-content\/uploads\/sites\/2\/2026\/01\/mdx-22-mar-feuerwehr-ernennung-.jpg\",\"width\":2110,\"height\":1456,\"caption\":\"\u00fcber die Wahl von Marco Weimer und Patrik Seidel zu Kommandantenstellvertretern in der Freiwilligen Feuerwehr Markdorf freut sich B\u00fcrgermeister Georg Riedmann, der sich au\u00dferdem bei Mathias Brutsch f\u00fcr dessen Engagement als Abteilungskommandant bedankt. Brutsch hatte sich nicht mehr zur Wahl gestellt. (von links)\"},{\"@type\":\"BreadcrumbList\",\"@id\":\"https:\/\/feuerwehr-markdorf.de\/feuerwehr\/marco-weimer-und-patrik-seidel-vom-gemeinderat-bestaetigt\/#breadcrumb\",\"itemListElement\":[{\"@type\":\"ListItem\",\"position\":1,\"name\":\"Startseite\",\"item\":\"https:\/\/feuerwehr-markdorf.de\/feuerwehr\/\"},{\"@type\":\"ListItem\",\"position\":2,\"name\":\"Marco Weimer und Patrik Seidel vom Gemeinderat best\u00e4tigt\"}]},{\"@type\":\"WebSite\",\"@id\":\"https:\/\/feuerwehr-markdorf.de\/feuerwehr\/#website\",\"url\":\"https:\/\/feuerwehr-markdorf.de\/feuerwehr\/\",\"name\":\"Freiwillige Feuerwehr Markdorf\",\"description\":\"\",\"publisher\":{\"@id\":\"https:\/\/feuerwehr-markdorf.de\/feuerwehr\/#organization\"},\"potentialAction\":[{\"@type\":\"SearchAction\",\"target\":{\"@type\":\"EntryPoint\",\"urlTemplate\":\"https:\/\/feuerwehr-markdorf.de\/feuerwehr\/?s={search_term_string}\"},\"query-input\":\"required name=search_term_string\"}],\"inLanguage\":\"de\"},{\"@type\":\"Organization\",\"@id\":\"https:\/\/feuerwehr-markdorf.de\/feuerwehr\/#organization\",\"name\":\"Freiwillige Feuerwehr Markdorf\",\"url\":\"https:\/\/feuerwehr-markdorf.de\/feuerwehr\/\",\"logo\":{\"@type\":\"ImageObject\",\"inLanguage\":\"de\",\"@id\":\"https:\/\/feuerwehr-markdorf.de\/feuerwehr\/#\/schema\/logo\/image\/\",\"url\":\"https:\/\/feuerwehr-markdorf.de\/feuerwehr\/wp-content\/uploads\/sites\/2\/2020\/01\/FFM-red-ohne-Abteilung_klein.png\",\"contentUrl\":\"https:\/\/feuerwehr-markdorf.de\/feuerwehr\/wp-content\/uploads\/sites\/2\/2020\/01\/FFM-red-ohne-Abteilung_klein.png\",\"width\":397,\"height\":170,\"caption\":\"Freiwillige Feuerwehr Markdorf\"},\"image\":{\"@id\":\"https:\/\/feuerwehr-markdorf.de\/feuerwehr\/#\/schema\/logo\/image\/\"},\"sameAs\":[\"https:\/\/www.facebook.com\/feuerwehrmarkdorf\/\"]},{\"@type\":\"Person\",\"@id\":\"https:\/\/feuerwehr-markdorf.de\/feuerwehr\/#\/schema\/person\/332479352d6e81750d9ab7ac3745262c\",\"name\":\"mscheerer\",\"image\":{\"@type\":\"ImageObject\",\"inLanguage\":\"de\",\"@id\":\"https:\/\/feuerwehr-markdorf.de\/feuerwehr\/#\/schema\/person\/image\/\",\"url\":\"https:\/\/secure.gravatar.com\/avatar\/c05798694e4a2d8a49e8c991a61e829ed7435b3699df1a726e5dbcd1f8e972b0?s=96&d=mm&r=g\",\"contentUrl\":\"https:\/\/secure.gravatar.com\/avatar\/c05798694e4a2d8a49e8c991a61e829ed7435b3699df1a726e5dbcd1f8e972b0?s=96&d=mm&r=g\",\"caption\":\"mscheerer\"},\"url\":\"https:\/\/feuerwehr-markdorf.de\/feuerwehr\/author\/mscheerer\/\"}]}<\/script>\n<!-- \/ Yoast SEO plugin. -->","yoast_head_json":{"title":"Marco Weimer und Patrik Seidel vom Gemeinderat best\u00e4tigt - Freiwillige Feuerwehr Markdorf","description":"(20.01.2026) In der Gemeinderatsitzung am 20.01.2026 wurden die bei der Jahreshauptversammlung der Feuerwehr Markdorf am 05.01.2026 gew\u00e4hlten","robots":{"index":"index","follow":"follow","max-snippet":"max-snippet:-1","max-image-preview":"max-image-preview:large","max-video-preview":"max-video-preview:-1"},"canonical":"https:\/\/feuerwehr-markdorf.de\/feuerwehr\/marco-weimer-und-patrik-seidel-vom-gemeinderat-bestaetigt\/","og_locale":"de_DE","og_type":"article","og_title":"Marco Weimer und Patrik Seidel vom Gemeinderat best\u00e4tigt - Freiwillige Feuerwehr Markdorf","og_description":"(20.01.2026) In der Gemeinderatsitzung am 20.01.2026 wurden die bei der Jahreshauptversammlung der Feuerwehr Markdorf am 05.01.2026 gew\u00e4hlten","og_url":"https:\/\/feuerwehr-markdorf.de\/feuerwehr\/marco-weimer-und-patrik-seidel-vom-gemeinderat-bestaetigt\/","og_site_name":"Freiwillige Feuerwehr Markdorf","article_publisher":"https:\/\/www.facebook.com\/feuerwehrmarkdorf\/","article_published_time":"2026-01-24T21:12:33+00:00","article_modified_time":"2026-01-24T21:14:46+00:00","og_image":[{"width":2110,"height":1456,"url":"https:\/\/feuerwehr-markdorf.de\/feuerwehr\/wp-content\/uploads\/sites\/2\/2026\/01\/mdx-22-mar-feuerwehr-ernennung-.jpg","type":"image\/jpeg"}],"author":"mscheerer","twitter_card":"summary_large_image","twitter_misc":{"Verfasst von":"mscheerer","Gesch\u00e4tzte Lesezeit":"1\u00a0Minute"},"schema":{"@context":"https:\/\/schema.org","@graph":[{"@type":"Article","@id":"https:\/\/feuerwehr-markdorf.de\/feuerwehr\/marco-weimer-und-patrik-seidel-vom-gemeinderat-bestaetigt\/#article","isPartOf":{"@id":"https:\/\/feuerwehr-markdorf.de\/feuerwehr\/marco-weimer-und-patrik-seidel-vom-gemeinderat-bestaetigt\/"},"author":{"name":"mscheerer","@id":"https:\/\/feuerwehr-markdorf.de\/feuerwehr\/#\/schema\/person\/332479352d6e81750d9ab7ac3745262c"},"headline":"Marco Weimer und Patrik Seidel vom Gemeinderat best\u00e4tigt","datePublished":"2026-01-24T21:12:33+00:00","dateModified":"2026-01-24T21:14:46+00:00","mainEntityOfPage":{"@id":"https:\/\/feuerwehr-markdorf.de\/feuerwehr\/marco-weimer-und-patrik-seidel-vom-gemeinderat-bestaetigt\/"},"wordCount":158,"commentCount":0,"publisher":{"@id":"https:\/\/feuerwehr-markdorf.de\/feuerwehr\/#organization"},"image":{"@id":"https:\/\/feuerwehr-markdorf.de\/feuerwehr\/marco-weimer-und-patrik-seidel-vom-gemeinderat-bestaetigt\/#primaryimage"},"thumbnailUrl":"https:\/\/feuerwehr-markdorf.de\/feuerwehr\/wp-content\/uploads\/sites\/2\/2026\/01\/mdx-22-mar-feuerwehr-ernennung-.jpg","articleSection":["Aktuelles"],"inLanguage":"de","potentialAction":[{"@type":"CommentAction","name":"Comment","target":["https:\/\/feuerwehr-markdorf.de\/feuerwehr\/marco-weimer-und-patrik-seidel-vom-gemeinderat-bestaetigt\/#respond"]}]},{"@type":"WebPage","@id":"https:\/\/feuerwehr-markdorf.de\/feuerwehr\/marco-weimer-und-patrik-seidel-vom-gemeinderat-bestaetigt\/","url":"https:\/\/feuerwehr-markdorf.de\/feuerwehr\/marco-weimer-und-patrik-seidel-vom-gemeinderat-bestaetigt\/","name":"Marco Weimer und Patrik Seidel vom Gemeinderat best\u00e4tigt - Freiwillige Feuerwehr Markdorf","isPartOf":{"@id":"https:\/\/feuerwehr-markdorf.de\/feuerwehr\/#website"},"primaryImageOfPage":{"@id":"https:\/\/feuerwehr-markdorf.de\/feuerwehr\/marco-weimer-und-patrik-seidel-vom-gemeinderat-bestaetigt\/#primaryimage"},"image":{"@id":"https:\/\/feuerwehr-markdorf.de\/feuerwehr\/marco-weimer-und-patrik-seidel-vom-gemeinderat-bestaetigt\/#primaryimage"},"thumbnailUrl":"https:\/\/feuerwehr-markdorf.de\/feuerwehr\/wp-content\/uploads\/sites\/2\/2026\/01\/mdx-22-mar-feuerwehr-ernennung-.jpg","datePublished":"2026-01-24T21:12:33+00:00","dateModified":"2026-01-24T21:14:46+00:00","description":"(20.01.2026) In der Gemeinderatsitzung am 20.01.2026 wurden die bei der Jahreshauptversammlung der Feuerwehr Markdorf am 05.01.2026 gew\u00e4hlten","breadcrumb":{"@id":"https:\/\/feuerwehr-markdorf.de\/feuerwehr\/marco-weimer-und-patrik-seidel-vom-gemeinderat-bestaetigt\/#breadcrumb"},"inLanguage":"de","potentialAction":[{"@type":"ReadAction","target":["https:\/\/feuerwehr-markdorf.de\/feuerwehr\/marco-weimer-und-patrik-seidel-vom-gemeinderat-bestaetigt\/"]}]},{"@type":"ImageObject","inLanguage":"de","@id":"https:\/\/feuerwehr-markdorf.de\/feuerwehr\/marco-weimer-und-patrik-seidel-vom-gemeinderat-bestaetigt\/#primaryimage","url":"https:\/\/feuerwehr-markdorf.de\/feuerwehr\/wp-content\/uploads\/sites\/2\/2026\/01\/mdx-22-mar-feuerwehr-ernennung-.jpg","contentUrl":"https:\/\/feuerwehr-markdorf.de\/feuerwehr\/wp-content\/uploads\/sites\/2\/2026\/01\/mdx-22-mar-feuerwehr-ernennung-.jpg","width":2110,"height":1456,"caption":"\u00fcber die Wahl von Marco Weimer und Patrik Seidel zu Kommandantenstellvertretern in der Freiwilligen Feuerwehr Markdorf freut sich B\u00fcrgermeister Georg Riedmann, der sich au\u00dferdem bei Mathias Brutsch f\u00fcr dessen Engagement als Abteilungskommandant bedankt. Brutsch hatte sich nicht mehr zur Wahl gestellt. (von links)"},{"@type":"BreadcrumbList","@id":"https:\/\/feuerwehr-markdorf.de\/feuerwehr\/marco-weimer-und-patrik-seidel-vom-gemeinderat-bestaetigt\/#breadcrumb","itemListElement":[{"@type":"ListItem","position":1,"name":"Startseite","item":"https:\/\/feuerwehr-markdorf.de\/feuerwehr\/"},{"@type":"ListItem","position":2,"name":"Marco Weimer und Patrik Seidel vom Gemeinderat best\u00e4tigt"}]},{"@type":"WebSite","@id":"https:\/\/feuerwehr-markdorf.de\/feuerwehr\/#website","url":"https:\/\/feuerwehr-markdorf.de\/feuerwehr\/","name":"Freiwillige Feuerwehr Markdorf","description":"","publisher":{"@id":"https:\/\/feuerwehr-markdorf.de\/feuerwehr\/#organization"},"potentialAction":[{"@type":"SearchAction","target":{"@type":"EntryPoint","urlTemplate":"https:\/\/feuerwehr-markdorf.de\/feuerwehr\/?s={search_term_string}"},"query-input":"required name=search_term_string"}],"inLanguage":"de"},{"@type":"Organization","@id":"https:\/\/feuerwehr-markdorf.de\/feuerwehr\/#organization","name":"Freiwillige Feuerwehr Markdorf","url":"https:\/\/feuerwehr-markdorf.de\/feuerwehr\/","logo":{"@type":"ImageObject","inLanguage":"de","@id":"https:\/\/feuerwehr-markdorf.de\/feuerwehr\/#\/schema\/logo\/image\/","url":"https:\/\/feuerwehr-markdorf.de\/feuerwehr\/wp-content\/uploads\/sites\/2\/2020\/01\/FFM-red-ohne-Abteilung_klein.png","contentUrl":"https:\/\/feuerwehr-markdorf.de\/feuerwehr\/wp-content\/uploads\/sites\/2\/2020\/01\/FFM-red-ohne-Abteilung_klein.png","width":397,"height":170,"caption":"Freiwillige Feuerwehr Markdorf"},"image":{"@id":"https:\/\/feuerwehr-markdorf.de\/feuerwehr\/#\/schema\/logo\/image\/"},"sameAs":["https:\/\/www.facebook.com\/feuerwehrmarkdorf\/"]},{"@type":"Person","@id":"https:\/\/feuerwehr-markdorf.de\/feuerwehr\/#\/schema\/person\/332479352d6e81750d9ab7ac3745262c","name":"mscheerer","image":{"@type":"ImageObject","inLanguage":"de","@id":"https:\/\/feuerwehr-markdorf.de\/feuerwehr\/#\/schema\/person\/image\/","url":"https:\/\/secure.gravatar.com\/avatar\/c05798694e4a2d8a49e8c991a61e829ed7435b3699df1a726e5dbcd1f8e972b0?s=96&d=mm&r=g","contentUrl":"https:\/\/secure.gravatar.com\/avatar\/c05798694e4a2d8a49e8c991a61e829ed7435b3699df1a726e5dbcd1f8e972b0?s=96&d=mm&r=g","caption":"mscheerer"},"url":"https:\/\/feuerwehr-markdorf.de\/feuerwehr\/author\/mscheerer\/"}]}},"author_meta":{"display_name":"mscheerer","author_link":"https:\/\/feuerwehr-markdorf.de\/feuerwehr\/author\/mscheerer\/"},"featured_img":"https:\/\/feuerwehr-markdorf.de\/feuerwehr\/wp-content\/uploads\/sites\/2\/2026\/01\/mdx-22-mar-feuerwehr-ernennung--300x207.jpg","coauthors":[],"tax_additional":{"categories":{"linked":["<a href=\"https:\/\/feuerwehr-markdorf.de\/feuerwehr\/category\/aktuelles\/\" class=\"advgb-post-tax-term\">Aktuelles<\/a>"],"unlinked":["<span class=\"advgb-post-tax-term\">Aktuelles<\/span>"]}},"comment_count":"0","relative_dates":{"created":"Posted 3\u00a0Monaten ago","modified":"Updated 3\u00a0Monaten ago"},"absolute_dates":{"created":"Posted on 24. Januar 2026","modified":"Updated on 24. Januar 2026"},"absolute_dates_time":{"created":"Posted on 24. Januar 2026 22:12","modified":"Updated on 24. Januar 2026 22:14"},"featured_img_caption":"\u00fcber die Wahl von Marco Weimer und Patrik Seidel zu Kommandantenstellvertretern in der Freiwilligen Feuerwehr Markdorf freut sich B\u00fcrgermeister Georg Riedmann, der sich au\u00dferdem bei Mathias Brutsch f\u00fcr dessen Engagement als Abteilungskommandant bedankt. Brutsch hatte sich nicht mehr zur Wahl gestellt. (von links)","series_order":"","_links":{"self":[{"href":"https:\/\/feuerwehr-markdorf.de\/feuerwehr\/wp-json\/wp\/v2\/posts\/10786","targetHints":{"allow":["GET"]}}],"collection":[{"href":"https:\/\/feuerwehr-markdorf.de\/feuerwehr\/wp-json\/wp\/v2\/posts"}],"about":[{"href":"https:\/\/feuerwehr-markdorf.de\/feuerwehr\/wp-json\/wp\/v2\/types\/post"}],"author":[{"embeddable":true,"href":"https:\/\/feuerwehr-markdorf.de\/feuerwehr\/wp-json\/wp\/v2\/users\/6"}],"replies":[{"embeddable":true,"href":"https:\/\/feuerwehr-markdorf.de\/feuerwehr\/wp-json\/wp\/v2\/comments?post=10786"}],"version-history":[{"count":3,"href":"https:\/\/feuerwehr-markdorf.de\/feuerwehr\/wp-json\/wp\/v2\/posts\/10786\/revisions"}],"predecessor-version":[{"id":10790,"href":"https:\/\/feuerwehr-markdorf.de\/feuerwehr\/wp-json\/wp\/v2\/posts\/10786\/revisions\/10790"}],"wp:featuredmedia":[{"embeddable":true,"href":"https:\/\/feuerwehr-markdorf.de\/feuerwehr\/wp-json\/wp\/v2\/media\/10787"}],"wp:attachment":[{"href":"https:\/\/feuerwehr-markdorf.de\/feuerwehr\/wp-json\/wp\/v2\/media?parent=10786"}],"wp:term":[{"taxonomy":"category","embeddable":true,"href":"https:\/\/feuerwehr-markdorf.de\/feuerwehr\/wp-json\/wp\/v2\/categories?post=10786"},{"taxonomy":"post_tag","embeddable":true,"href":"https:\/\/feuerwehr-markdorf.de\/feuerwehr\/wp-json\/wp\/v2\/tags?post=10786"}],"curies":[{"name":"wp","href":"https:\/\/api.w.org\/{rel}","templated":true}]}}